{"id":303,"date":"2023-05-31T09:53:28","date_gmt":"2023-05-31T09:53:28","guid":{"rendered":"https:\/\/soundimageculture.alwaysdata.net\/collective-session-iv\/"},"modified":"2023-12-22T17:23:49","modified_gmt":"2023-12-22T17:23:49","slug":"collective-session-iv","status":"publish","type":"post","link":"https:\/\/soundimageculture.org\/fr\/collective-session-iv\/","title":{"rendered":"Session Collective juin 2023"},"content":{"rendered":"\n<h2 class=\"wp-block-heading\">Session Collective  4<br>19-23 juin 2023<br>en pr\u00e9sence de Sasha Litvintseva &amp; Beny Wagner<\/h2>\n\n\n<section id=\"sic-regular-text-block_a53c75cca09981992136419fb031fe9a\" class=\"sic-regular-text two-columns\"><h2 class=\"section-title page-title\">A propos de nos invit\u00e9s<\/h2><div class=\"content-wrapper\"><p><strong>Sasha Litvintseva et Beny Wagner<\/strong>\u00a0sont artistes, cin\u00e9astes et \u00e9crivains. Ils travaillent en collaboration sur l&rsquo;image en mouvement, l&rsquo;installation, le texte et les conf\u00e9rences depuis 2018. Se concentrant sur l&rsquo;image en mouvement comme outil de production active de nouveaux mondes, leur pratique est motiv\u00e9e par des questions sur les seuils entre le corps et son environnement, r\u00e9gimes de connaissances et de pouvoir, modes d&rsquo;organisation et de perception du monde naturel. Leur travail collaboratif a \u00e9t\u00e9 pr\u00e9sent\u00e9 dans le monde entier, notamment \u00e0 la\u00a0Berlinale, Rotterdam, CPH:DOX, Courtisane, EXiS S\u00e9oul, Tate Modern, CAC Vilnius, Los Angeles Filmforum, Museum of the Moving Image New York, Transmediale, Sonic Acts, Berlin. Atonal, Ars Electronica et Impakt Festivals, S\u00e9oul Mediacity Biennale, Taiwan Video Art Biennale, Wroclaw Media Art Biennale et la Baltic Triennial, et a \u00e9t\u00e9 pr\u00e9sent\u00e9 sur Criterion Channel. Leurs films ont remport\u00e9 de nombreux prix, dont le Silvestre du meilleur court m\u00e9trage \u00e0 IndieLisboa et le meilleur court m\u00e9trage documentaire au Festival du film de Guanajuato. Ils sont les auteurs de\u00a0All Thoughts Fly\u00a0: Monster, Taxonomy, Film\u00a0(Sonic Acts Press\u00a0: 2021).<\/p>\n<\/div><\/section>\n\n<section id=\"sic-regular-text-block_208f31a75ec82286d43a860b2ce763df\" class=\"sic-regular-text single-column\"><h2 class=\"section-title page-title\">lundi 19 juin 2023<\/h2><div class=\"content-wrapper\"><p><span class=\"title2\">10:00\u201418:00<br \/>\nPr\u00e9sentations de projets et discussion des projets des participants SIC 2023<br \/>\n<a href=\"https:\/\/www.pianofabriek.be\/\" target=\"_blank\" rel=\"noopener\">au Pianofabriek<\/a><\/span><\/p>\n<p><span class=\"title2\">19:30\u201421:00<br \/>\nProjections de <\/span><span class=\"title2\"><a href=\"https:\/\/www.sashalitvintseva.com\/demonstration\" target=\"_blank\" rel=\"noopener\">A DEMONSTRATION<\/a>\u00a0&amp;\u00a0<a href=\"https:\/\/www.sashalitvintseva.com\/constant\" target=\"_blank\" rel=\"noopener\">CONSTANT<\/a><br \/>\nde <a href=\"https:\/\/www.sashalitvintseva.com\/\" target=\"_blank\" rel=\"noopener\">Sasha Litvintseva<\/a>\u00a0&amp;\u00a0<a href=\"https:\/\/www.benywagner.com\/\" target=\"_blank\" rel=\"noopener\">Beny Wagner<\/a><br \/>\n<\/span><span class=\"title2\">Projection suivie d&rsquo;une conversation avec les cin\u00e9astes<br \/>\n<a href=\"https:\/\/cinema-aventure.be\/catalogue\/movie\/?F6DEEBCB-EC23-5F59-5A07-F041C4873FC1\" target=\"_blank\" rel=\"noopener\">au Cin\u00e9ma Aventure<\/a><br \/>\n<a href=\"https:\/\/soundimageculture.org\/a-demonstration-constant\/\">Plus d&rsquo;information<\/a><\/span><\/p>\n<\/div><\/section>\n\n<section id=\"sic-regular-text-block_a459169178ed3197d71e2598d1a64d21\" class=\"sic-regular-text single-column\"><h2 class=\"section-title page-title\">mardi 20 juin 2023<\/h2><div class=\"content-wrapper\"><p><span class=\"title2\">10:00\u201418:00<br \/>\nPr\u00e9sentations de projets et discussion des projets des participants SIC 2023<br \/>\n<a href=\"https:\/\/www.pianofabriek.be\/\" target=\"_blank\" rel=\"noopener\">au Pianofabriek<\/a><br \/>\n<\/span><\/p>\n<\/div><\/section>\n\n<section id=\"sic-regular-text-block_20b7b4165864baa5c0f10655d31643ea\" class=\"sic-regular-text single-column\"><h2 class=\"section-title page-title\">Mercredi 21 juin 2023<\/h2><div class=\"content-wrapper\"><p><span class=\"title2\">10:00\u201417:00<br \/>\n<\/span><span class=\"title2\">Masterclass THE WALKING TRAIL<br \/>\n<\/span><span class=\"title2\">avec <a href=\"https:\/\/www.sashalitvintseva.com\/\" target=\"_blank\" rel=\"noopener\">Sasha Litvintseva<\/a>\u00a0&amp;\u00a0<a href=\"https:\/\/www.benywagner.com\/\" target=\"_blank\" rel=\"noopener\">Beny Wagner<\/a><br \/>\nau <a href=\"https:\/\/www.luca-arts.be\/en\/campus-brussels-narafi\" target=\"_blank\" rel=\"noopener\">Ch\u00e2teau Duden \/ NARAFI<\/a><br \/>\n<a href=\"https:\/\/soundimageculture.org\/the-walking-trail\/\">Plus d&rsquo;information<\/a><\/span><\/p>\n<\/div><\/section>\n\n<section id=\"sic-regular-text-block_b2775a13b7b5251576780246f87b0357\" class=\"sic-regular-text single-column\"><h2 class=\"section-title page-title\">jeudi 22 juin 2023<\/h2><div class=\"content-wrapper\"><p><span class=\"title2\">14:00 &#8211; 17:00<br \/>\n<\/span><span class=\"title2\"><a href=\"https:\/\/www.effiandamir.net\/index.php?id=140\" target=\"_blank\" rel=\"noopener\">HOUSEWARMING<\/a><br \/>\nProjection et \u00e9tude de cas par Effi &amp; Amir<br \/>\nau <a href=\"http:\/\/www.pianofabriek.be\/\" target=\"_blank\" rel=\"noopener\">Pianofabriek<\/a><br \/>\n<a href=\"https:\/\/soundimageculture.org\/housewarming\/\">Plus d&rsquo;information<\/a><\/span><\/p>\n<p><span class=\"title2\">19:30\u201421:00<br \/>\n<\/span><span class=\"title2\">Travail r\u00e9cent de <a href=\"https:\/\/portapak.be\/\" target=\"_blank\" rel=\"noopener\">Anouk De Clercq<\/a><br \/>\n<a href=\"https:\/\/portapak.be\/works\/41\/one\" target=\"_blank\" rel=\"noopener\">ONE<\/a>,\u00a0<a href=\"https:\/\/portapak.be\/works\/44\/ok\" target=\"_blank\" rel=\"noopener\">OK<\/a>,\u00a0<a href=\"https:\/\/portapak.be\/works\/42\/well-find-you-when-the-sun-goes-black\" target=\"_blank\" rel=\"noopener\">WE&rsquo;LL FIND YOU WHEN THE SUN GOES BLACK<\/a>,\u00a0<a href=\"https:\/\/portapak.be\/works\/47\/birdsong\" target=\"_blank\" rel=\"noopener\">BIRDSONG<\/a><br \/>\n<\/span><span class=\"title2\"><a href=\"https:\/\/cinema-aventure.be\/catalogue\/movie\/?E3B5039B-46F7-1731-A22E-BF1AF51664DC\" target=\"_blank\" rel=\"noopener\">au Cin\u00e9ma Aventure<\/a><br \/>\n<a href=\"https:\/\/soundimageculture.org\/recent-work-by-anouk-de-clercq\/\">Plus d&rsquo;information<\/a><\/span><\/p>\n<\/div><\/section>\n\n<section id=\"sic-regular-text-block_9eeab51d73a1490fbf6d63d91c0acf6e\" class=\"sic-regular-text single-column\"><h2 class=\"section-title page-title\">vendredi 23 juin 2023<\/h2><div class=\"content-wrapper\"><p><span class=\"title2\">10:00\u201412:00<br \/>\n<\/span><span class=\"title2\">D\u00c9VELOPPEMENT DES TALENTS ET FINANCEMENTS<br \/>\natelier avec Koen Baeyens<br \/>\n<a href=\"https:\/\/www.vaf.be\/contact\" target=\"_blank\" rel=\"noopener\">au VAF<\/a><\/span><\/p>\n<p>Koen Baeyens ( VAF ) pr\u00e9sentera les diff\u00e9rentes possibilit\u00e9s de financement des \u0153uvres audiovisuelles et les programmes de d\u00e9veloppement des talents propos\u00e9s par le VAF. Toutes vos questions sont les bienvenues.<\/p>\n<p><span class=\"title2\">14:30\u201416:30<br \/>\n<\/span><span class=\"title2\"><a href=\"https:\/\/www.stuk.be\/en\/program\/artefact-2023-between-knowing-and-understanding-notes-on-the-ecstatic-being\" target=\"_blank\" rel=\"noopener\">ARTEFACT 2023: The Ecstatic Being. Between Knowing and Understanding<\/a><br \/>\n<\/span><span class=\"title2\">visite avec une introduction de la commissaire de l&rsquo;exposition Karen Verschooren<br \/>\n<a href=\"https:\/\/www.stuk.be\/en\/praktisch\" target=\"_blank\" rel=\"noopener\">au STUK<\/a><br \/>\n<a href=\"https:\/\/soundimageculture.org\/artefact-2023-the-ecstatic-being\/\">Plus d&rsquo;information<\/a><\/span><\/p>\n<\/div><\/section>","protected":false},"excerpt":{"rendered":"<p>Session Collective 419-23 juin 2023en pr\u00e9sence de Sasha Litvintseva &amp; Beny Wagner<\/p>\n","protected":false},"author":1,"featured_media":3493,"comment_status":"closed","ping_status":"closed","sticky":false,"template":"","format":"standard","meta":{"_acf_changed":false,"footnotes":""},"categories":[58],"tags":[],"class_list":["post-303","post","type-post","status-publish","format-standard","has-post-thumbnail","hentry","category-session-collective"],"acf":[],"yoast_head":"<!-- This site is optimized with the Yoast SEO plugin v24.0 - https:\/\/yoast.com\/wordpress\/plugins\/seo\/ -->\n<title>Session Collective juin 2023 &#8211; Sound Image Culture<\/title>\n<meta name=\"robots\" content=\"index, follow, max-snippet:-1, max-image-preview:large, max-video-preview:-1\" \/>\n<link rel=\"canonical\" href=\"https:\/\/soundimageculture.org\/fr\/collective-session-iv\/\" \/>\n<meta property=\"og:locale\" content=\"fr_FR\" \/>\n<meta property=\"og:type\" content=\"article\" \/>\n<meta property=\"og:title\" content=\"Session Collective juin 2023 &#8211; Sound Image Culture\" \/>\n<meta property=\"og:description\" content=\"Session Collective 419-23 juin 2023en pr\u00e9sence de Sasha Litvintseva &amp; Beny Wagner\" \/>\n<meta property=\"og:url\" content=\"https:\/\/soundimageculture.org\/fr\/collective-session-iv\/\" \/>\n<meta property=\"og:site_name\" content=\"Sound Image Culture\" \/>\n<meta property=\"article:published_time\" content=\"2023-05-31T09:53:28+00:00\" \/>\n<meta property=\"article:modified_time\" content=\"2023-12-22T17:23:49+00:00\" \/>\n<meta property=\"og:image\" content=\"https:\/\/soundimageculture.org\/wp-content\/uploads\/2023\/05\/Wagner-Litvintseva.png\" \/>\n\t<meta property=\"og:image:width\" content=\"1000\" \/>\n\t<meta property=\"og:image:height\" content=\"533\" \/>\n\t<meta property=\"og:image:type\" content=\"image\/png\" \/>\n<meta name=\"author\" content=\"hello@johangiraud.com\" \/>\n<meta name=\"twitter:card\" content=\"summary_large_image\" \/>\n<meta name=\"twitter:label1\" content=\"\u00c9crit par\" \/>\n\t<meta name=\"twitter:data1\" content=\"hello@johangiraud.com\" \/>\n\t<meta name=\"twitter:label2\" content=\"Dur\u00e9e de lecture estim\u00e9e\" \/>\n\t<meta name=\"twitter:data2\" content=\"1 minute\" \/>\n<script type=\"application\/ld+json\" class=\"yoast-schema-graph\">{\"@context\":\"https:\/\/schema.org\",\"@graph\":[{\"@type\":\"Article\",\"@id\":\"https:\/\/soundimageculture.org\/fr\/collective-session-iv\/#article\",\"isPartOf\":{\"@id\":\"https:\/\/soundimageculture.org\/fr\/collective-session-iv\/\"},\"author\":{\"name\":\"hello@johangiraud.com\",\"@id\":\"https:\/\/soundimageculture.org\/fr\/#\/schema\/person\/8eb57f86332a51db66d172e3e8da3202\"},\"headline\":\"Session Collective juin 2023\",\"datePublished\":\"2023-05-31T09:53:28+00:00\",\"dateModified\":\"2023-12-22T17:23:49+00:00\",\"mainEntityOfPage\":{\"@id\":\"https:\/\/soundimageculture.org\/fr\/collective-session-iv\/\"},\"wordCount\":16,\"publisher\":{\"@id\":\"https:\/\/soundimageculture.org\/fr\/#organization\"},\"image\":{\"@id\":\"https:\/\/soundimageculture.org\/fr\/collective-session-iv\/#primaryimage\"},\"thumbnailUrl\":\"https:\/\/soundimageculture.org\/wp-content\/uploads\/2023\/05\/Wagner-Litvintseva.png\",\"articleSection\":[\"Session Collective\"],\"inLanguage\":\"fr-FR\"},{\"@type\":\"WebPage\",\"@id\":\"https:\/\/soundimageculture.org\/fr\/collective-session-iv\/\",\"url\":\"https:\/\/soundimageculture.org\/fr\/collective-session-iv\/\",\"name\":\"Session Collective juin 2023 &#8211; Sound Image Culture\",\"isPartOf\":{\"@id\":\"https:\/\/soundimageculture.org\/fr\/#website\"},\"primaryImageOfPage\":{\"@id\":\"https:\/\/soundimageculture.org\/fr\/collective-session-iv\/#primaryimage\"},\"image\":{\"@id\":\"https:\/\/soundimageculture.org\/fr\/collective-session-iv\/#primaryimage\"},\"thumbnailUrl\":\"https:\/\/soundimageculture.org\/wp-content\/uploads\/2023\/05\/Wagner-Litvintseva.png\",\"datePublished\":\"2023-05-31T09:53:28+00:00\",\"dateModified\":\"2023-12-22T17:23:49+00:00\",\"breadcrumb\":{\"@id\":\"https:\/\/soundimageculture.org\/fr\/collective-session-iv\/#breadcrumb\"},\"inLanguage\":\"fr-FR\",\"potentialAction\":[{\"@type\":\"ReadAction\",\"target\":[\"https:\/\/soundimageculture.org\/fr\/collective-session-iv\/\"]}]},{\"@type\":\"ImageObject\",\"inLanguage\":\"fr-FR\",\"@id\":\"https:\/\/soundimageculture.org\/fr\/collective-session-iv\/#primaryimage\",\"url\":\"https:\/\/soundimageculture.org\/wp-content\/uploads\/2023\/05\/Wagner-Litvintseva.png\",\"contentUrl\":\"https:\/\/soundimageculture.org\/wp-content\/uploads\/2023\/05\/Wagner-Litvintseva.png\",\"width\":1000,\"height\":533},{\"@type\":\"BreadcrumbList\",\"@id\":\"https:\/\/soundimageculture.org\/fr\/collective-session-iv\/#breadcrumb\",\"itemListElement\":[{\"@type\":\"ListItem\",\"position\":1,\"name\":\"Home\",\"item\":\"https:\/\/soundimageculture.org\/fr\/\"},{\"@type\":\"ListItem\",\"position\":2,\"name\":\"Session Collective juin 2023\"}]},{\"@type\":\"WebSite\",\"@id\":\"https:\/\/soundimageculture.org\/fr\/#website\",\"url\":\"https:\/\/soundimageculture.org\/fr\/\",\"name\":\"Sound Image Culture\",\"description\":\"Penser \/ Filmer\",\"publisher\":{\"@id\":\"https:\/\/soundimageculture.org\/fr\/#organization\"},\"potentialAction\":[{\"@type\":\"SearchAction\",\"target\":{\"@type\":\"EntryPoint\",\"urlTemplate\":\"https:\/\/soundimageculture.org\/fr\/?s={search_term_string}\"},\"query-input\":{\"@type\":\"PropertyValueSpecification\",\"valueRequired\":true,\"valueName\":\"search_term_string\"}}],\"inLanguage\":\"fr-FR\"},{\"@type\":\"Organization\",\"@id\":\"https:\/\/soundimageculture.org\/fr\/#organization\",\"name\":\"Sound Image Culture\",\"url\":\"https:\/\/soundimageculture.org\/fr\/\",\"logo\":{\"@type\":\"ImageObject\",\"inLanguage\":\"fr-FR\",\"@id\":\"https:\/\/soundimageculture.org\/fr\/#\/schema\/logo\/image\/\",\"url\":\"https:\/\/soundimageculture.org\/wp-content\/uploads\/2023\/05\/sic_logo_white_circle_vec.svg\",\"contentUrl\":\"https:\/\/soundimageculture.org\/wp-content\/uploads\/2023\/05\/sic_logo_white_circle_vec.svg\",\"width\":1,\"height\":1,\"caption\":\"Sound Image Culture\"},\"image\":{\"@id\":\"https:\/\/soundimageculture.org\/fr\/#\/schema\/logo\/image\/\"}},{\"@type\":\"Person\",\"@id\":\"https:\/\/soundimageculture.org\/fr\/#\/schema\/person\/8eb57f86332a51db66d172e3e8da3202\",\"name\":\"hello@johangiraud.com\",\"image\":{\"@type\":\"ImageObject\",\"inLanguage\":\"fr-FR\",\"@id\":\"https:\/\/soundimageculture.org\/fr\/#\/schema\/person\/image\/\",\"url\":\"https:\/\/secure.gravatar.com\/avatar\/e3c6afd4c0c4a8ae7773a7d671f4d0ead59ff158160b515ab6f702f9e9e1afa5?s=96&d=mm&r=g\",\"contentUrl\":\"https:\/\/secure.gravatar.com\/avatar\/e3c6afd4c0c4a8ae7773a7d671f4d0ead59ff158160b515ab6f702f9e9e1afa5?s=96&d=mm&r=g\",\"caption\":\"hello@johangiraud.com\"},\"sameAs\":[\"http:\/\/localhost:8888\/sic\"],\"url\":\"https:\/\/soundimageculture.org\/fr\/author\/hellojohangiraud-com\/\"}]}<\/script>\n<!-- \/ Yoast SEO plugin. -->","yoast_head_json":{"title":"Session Collective juin 2023 &#8211; Sound Image Culture","robots":{"index":"index","follow":"follow","max-snippet":"max-snippet:-1","max-image-preview":"max-image-preview:large","max-video-preview":"max-video-preview:-1"},"canonical":"https:\/\/soundimageculture.org\/fr\/collective-session-iv\/","og_locale":"fr_FR","og_type":"article","og_title":"Session Collective juin 2023 &#8211; Sound Image Culture","og_description":"Session Collective 419-23 juin 2023en pr\u00e9sence de Sasha Litvintseva &amp; Beny Wagner","og_url":"https:\/\/soundimageculture.org\/fr\/collective-session-iv\/","og_site_name":"Sound Image Culture","article_published_time":"2023-05-31T09:53:28+00:00","article_modified_time":"2023-12-22T17:23:49+00:00","og_image":[{"width":1000,"height":533,"url":"https:\/\/soundimageculture.org\/wp-content\/uploads\/2023\/05\/Wagner-Litvintseva.png","type":"image\/png"}],"author":"hello@johangiraud.com","twitter_card":"summary_large_image","twitter_misc":{"\u00c9crit par":"hello@johangiraud.com","Dur\u00e9e de lecture estim\u00e9e":"1 minute"},"schema":{"@context":"https:\/\/schema.org","@graph":[{"@type":"Article","@id":"https:\/\/soundimageculture.org\/fr\/collective-session-iv\/#article","isPartOf":{"@id":"https:\/\/soundimageculture.org\/fr\/collective-session-iv\/"},"author":{"name":"hello@johangiraud.com","@id":"https:\/\/soundimageculture.org\/fr\/#\/schema\/person\/8eb57f86332a51db66d172e3e8da3202"},"headline":"Session Collective juin 2023","datePublished":"2023-05-31T09:53:28+00:00","dateModified":"2023-12-22T17:23:49+00:00","mainEntityOfPage":{"@id":"https:\/\/soundimageculture.org\/fr\/collective-session-iv\/"},"wordCount":16,"publisher":{"@id":"https:\/\/soundimageculture.org\/fr\/#organization"},"image":{"@id":"https:\/\/soundimageculture.org\/fr\/collective-session-iv\/#primaryimage"},"thumbnailUrl":"https:\/\/soundimageculture.org\/wp-content\/uploads\/2023\/05\/Wagner-Litvintseva.png","articleSection":["Session Collective"],"inLanguage":"fr-FR"},{"@type":"WebPage","@id":"https:\/\/soundimageculture.org\/fr\/collective-session-iv\/","url":"https:\/\/soundimageculture.org\/fr\/collective-session-iv\/","name":"Session Collective juin 2023 &#8211; Sound Image Culture","isPartOf":{"@id":"https:\/\/soundimageculture.org\/fr\/#website"},"primaryImageOfPage":{"@id":"https:\/\/soundimageculture.org\/fr\/collective-session-iv\/#primaryimage"},"image":{"@id":"https:\/\/soundimageculture.org\/fr\/collective-session-iv\/#primaryimage"},"thumbnailUrl":"https:\/\/soundimageculture.org\/wp-content\/uploads\/2023\/05\/Wagner-Litvintseva.png","datePublished":"2023-05-31T09:53:28+00:00","dateModified":"2023-12-22T17:23:49+00:00","breadcrumb":{"@id":"https:\/\/soundimageculture.org\/fr\/collective-session-iv\/#breadcrumb"},"inLanguage":"fr-FR","potentialAction":[{"@type":"ReadAction","target":["https:\/\/soundimageculture.org\/fr\/collective-session-iv\/"]}]},{"@type":"ImageObject","inLanguage":"fr-FR","@id":"https:\/\/soundimageculture.org\/fr\/collective-session-iv\/#primaryimage","url":"https:\/\/soundimageculture.org\/wp-content\/uploads\/2023\/05\/Wagner-Litvintseva.png","contentUrl":"https:\/\/soundimageculture.org\/wp-content\/uploads\/2023\/05\/Wagner-Litvintseva.png","width":1000,"height":533},{"@type":"BreadcrumbList","@id":"https:\/\/soundimageculture.org\/fr\/collective-session-iv\/#breadcrumb","itemListElement":[{"@type":"ListItem","position":1,"name":"Home","item":"https:\/\/soundimageculture.org\/fr\/"},{"@type":"ListItem","position":2,"name":"Session Collective juin 2023"}]},{"@type":"WebSite","@id":"https:\/\/soundimageculture.org\/fr\/#website","url":"https:\/\/soundimageculture.org\/fr\/","name":"Sound Image Culture","description":"Penser \/ Filmer","publisher":{"@id":"https:\/\/soundimageculture.org\/fr\/#organization"},"potentialAction":[{"@type":"SearchAction","target":{"@type":"EntryPoint","urlTemplate":"https:\/\/soundimageculture.org\/fr\/?s={search_term_string}"},"query-input":{"@type":"PropertyValueSpecification","valueRequired":true,"valueName":"search_term_string"}}],"inLanguage":"fr-FR"},{"@type":"Organization","@id":"https:\/\/soundimageculture.org\/fr\/#organization","name":"Sound Image Culture","url":"https:\/\/soundimageculture.org\/fr\/","logo":{"@type":"ImageObject","inLanguage":"fr-FR","@id":"https:\/\/soundimageculture.org\/fr\/#\/schema\/logo\/image\/","url":"https:\/\/soundimageculture.org\/wp-content\/uploads\/2023\/05\/sic_logo_white_circle_vec.svg","contentUrl":"https:\/\/soundimageculture.org\/wp-content\/uploads\/2023\/05\/sic_logo_white_circle_vec.svg","width":1,"height":1,"caption":"Sound Image Culture"},"image":{"@id":"https:\/\/soundimageculture.org\/fr\/#\/schema\/logo\/image\/"}},{"@type":"Person","@id":"https:\/\/soundimageculture.org\/fr\/#\/schema\/person\/8eb57f86332a51db66d172e3e8da3202","name":"hello@johangiraud.com","image":{"@type":"ImageObject","inLanguage":"fr-FR","@id":"https:\/\/soundimageculture.org\/fr\/#\/schema\/person\/image\/","url":"https:\/\/secure.gravatar.com\/avatar\/e3c6afd4c0c4a8ae7773a7d671f4d0ead59ff158160b515ab6f702f9e9e1afa5?s=96&d=mm&r=g","contentUrl":"https:\/\/secure.gravatar.com\/avatar\/e3c6afd4c0c4a8ae7773a7d671f4d0ead59ff158160b515ab6f702f9e9e1afa5?s=96&d=mm&r=g","caption":"hello@johangiraud.com"},"sameAs":["http:\/\/localhost:8888\/sic"],"url":"https:\/\/soundimageculture.org\/fr\/author\/hellojohangiraud-com\/"}]}},"_links":{"self":[{"href":"https:\/\/soundimageculture.org\/fr\/wp-json\/wp\/v2\/posts\/303","targetHints":{"allow":["GET"]}}],"collection":[{"href":"https:\/\/soundimageculture.org\/fr\/wp-json\/wp\/v2\/posts"}],"about":[{"href":"https:\/\/soundimageculture.org\/fr\/wp-json\/wp\/v2\/types\/post"}],"author":[{"embeddable":true,"href":"https:\/\/soundimageculture.org\/fr\/wp-json\/wp\/v2\/users\/1"}],"replies":[{"embeddable":true,"href":"https:\/\/soundimageculture.org\/fr\/wp-json\/wp\/v2\/comments?post=303"}],"version-history":[{"count":49,"href":"https:\/\/soundimageculture.org\/fr\/wp-json\/wp\/v2\/posts\/303\/revisions"}],"predecessor-version":[{"id":3512,"href":"https:\/\/soundimageculture.org\/fr\/wp-json\/wp\/v2\/posts\/303\/revisions\/3512"}],"wp:featuredmedia":[{"embeddable":true,"href":"https:\/\/soundimageculture.org\/fr\/wp-json\/wp\/v2\/media\/3493"}],"wp:attachment":[{"href":"https:\/\/soundimageculture.org\/fr\/wp-json\/wp\/v2\/media?parent=303"}],"wp:term":[{"taxonomy":"category","embeddable":true,"href":"https:\/\/soundimageculture.org\/fr\/wp-json\/wp\/v2\/categories?post=303"},{"taxonomy":"post_tag","embeddable":true,"href":"https:\/\/soundimageculture.org\/fr\/wp-json\/wp\/v2\/tags?post=303"}],"curies":[{"name":"wp","href":"https:\/\/api.w.org\/{rel}","templated":true}]}}