{"id":7057,"date":"2024-08-24T16:54:34","date_gmt":"2024-08-24T16:54:34","guid":{"rendered":"https:\/\/soundimageculture.org\/ote-toi-de-mon-soleil-november-screening\/"},"modified":"2024-11-07T13:21:00","modified_gmt":"2024-11-07T13:21:00","slug":"ote-toi-de-mon-soleil-november-screening","status":"publish","type":"post","link":"https:\/\/soundimageculture.org\/fr\/ote-toi-de-mon-soleil-november-screening\/","title":{"rendered":"\u00d4te-toi de mon soleil"},"content":{"rendered":"\n<h2 class=\"wp-block-heading\">De Messaline Raverdy<br>Projection mercredi 20 novembre 2024 \u00e0 19:00<br>Centre Culturel Bruegel<\/h2>\n\n\n<section id=\"sic-regular-text-block_99078424c89bfb2f5e3d304ab96f6761\" class=\"sic-regular-text single-column intro-text\"><div class=\"content-wrapper\"><p>Joseph ne peut plus vivre chez lui. Depuis de nombreuses ann\u00e9es, il parcourt la ville avec son chariot pour rassembler des tonnes de papiers divers et d&rsquo;objets de toutes sortes, remplissant ainsi son appartement d&rsquo;un chaos labyrinthique. On dit de lui qu&rsquo;il est atteint du \u00ab syndrome de Diog\u00e8ne \u00bb. Il est dou\u00e9 d&rsquo;une \u00e9rudition vertigineuse et d&rsquo;un humour fin. La r\u00e9alisatrice l&rsquo;aide \u00e0 d\u00e9sencombrer son logement. Une amiti\u00e9 se noue.<\/p>\n<p>Documentaire \u23a5 2023 \u23a5 50&rsquo;\u23a5 DCP &#8211; couleur &#8211; 5.1\u23a5 Belgique<\/p>\n<p>La projection sera suivie d&rsquo;une s\u00e9ance de questions-r\u00e9ponses avec Messaline Raverdy (r\u00e9alisatrice).<\/p>\n<\/div><\/section>\n\n<div class=\"wp-block-image\">\n<figure class=\"aligncenter size-large is-resized\"><img loading=\"lazy\" decoding=\"async\" width=\"724\" height=\"1024\" src=\"https:\/\/soundimageculture.org\/wp-content\/uploads\/2024\/08\/Ote-toi-de-mon-soleil-poster-724x1024.jpg\" alt=\"\" class=\"wp-image-6362\" style=\"width:327px;height:auto\" srcset=\"https:\/\/soundimageculture.org\/wp-content\/uploads\/2024\/08\/Ote-toi-de-mon-soleil-poster-724x1024.jpg 724w, https:\/\/soundimageculture.org\/wp-content\/uploads\/2024\/08\/Ote-toi-de-mon-soleil-poster-212x300.jpg 212w, https:\/\/soundimageculture.org\/wp-content\/uploads\/2024\/08\/Ote-toi-de-mon-soleil-poster-768x1086.jpg 768w, https:\/\/soundimageculture.org\/wp-content\/uploads\/2024\/08\/Ote-toi-de-mon-soleil-poster.jpg 1006w\" sizes=\"auto, (max-width: 724px) 100vw, 724px\" \/><\/figure>\n<\/div>\n\n<section id=\"sic-regular-text-block_dbf8f2859926b15d1dea20306f8067c3\" class=\"sic-regular-text single-column\"><h2 class=\"section-title page-title\">Cr\u00e9dits<\/h2><div class=\"content-wrapper\"><p><i><b>r\u00e9alis\u00e9 par<\/b><\/i>\u00a0 Messaline Raverdy<br \/>\n<i><b>avec\u00a0 <\/b><\/i>Joseph Rosenzweig \u00b7 Cl\u00e9ment Losson \u00b7 Didier Sossou \u00b7 Samuel Dekegel Raverdy \u00b7 Ada Raverdy Doigny<br \/>\n<i><b>images\u00a0 <\/b><\/i>Thomas Schira \u00b7 Sylvain Dufayard \u00b7\u00a0Olivier Dekegel<br \/>\n<i><b>son<\/b><\/i>\u00a0 Lancelot Herv\u00e9-Mignucci \u00b7 Laszlo Umbreit \u00b7\u00a0St\u00e9phanie Thomas<br \/>\n<i><b>montage<\/b><\/i>\u00a0 Effi Weiss \u00b7 Pauline Piris-Nury \u00b7 Ivanne De Cannart \u00b7 Julien Contreau<br \/>\n<b><i>montage son<\/i><\/b>\u00a0 Lancelot Herv\u00e9-Mignucci<br \/>\n<b><i>mixage son<\/i><\/b>\u00a0 Emmanuel De Boissieu<br \/>\n<i><b>\u00e9talonnage<\/b><\/i>\u00a0 Pierre-Louis Cassou<br \/>\n<i><b>production \u00a0<\/b><\/i>Julien Contreau \u00b7 Javier Packer-Comyn \u00b7 Stefanie Bodien \u00b7 Serge Kestemont<\/p>\n<p><b><i>produit par\u00a0 <\/i><\/b>Mati\u00e8re Premi\u00e8re \u00b7 CBA &#8211; Centre de l\u2019Audiovisuel \u00e0 Bruxelles \u00b7 GSARA \u00b7 Luna Blue Film \u00b7 Shelter Prod<br \/>\n<b><i>avec le soutien de<\/i><\/b> Centre du Cin\u00e9ma et de l&rsquo;Audiovisuel de la F\u00e9d\u00e9ration Wallonie-Bruxelles &#8211; FilmLab \u00b7 Service public francophone bruxellois \u00b7 Taxshelter.be &#8211; ING \u00b7 Tax Shelter du gouvernement f\u00e9d\u00e9ral de Belgique \u00b7 SIC &#8211; SoundImageCulture<\/p>\n<\/div><\/section>\n\n<section id=\"sic-slider-block_b6c08be2961c9b83734c95e3b5d45d07\" class=\"sic-slider count-2\"><div class=content-wrapper><ul class=\"slider workaround\"><li class=\"slider-image-wrapper slide\"><img loading=\"lazy\" decoding=\"async\" src=\"https:\/\/soundimageculture.org\/wp-content\/uploads\/2024\/08\/Ote-toi-de-mon-soleil-2-1024x766.jpg\" width=\"1024\" height=\"766\" alt=\"https:\/\/soundimageculture.org\/wp-content\/uploads\/2024\/08\/Ote-toi-de-mon-soleil-2.jpg\"><\/li><li class=\"slider-image-wrapper slide\"><img loading=\"lazy\" decoding=\"async\" src=\"https:\/\/soundimageculture.org\/wp-content\/uploads\/2024\/08\/Ote-toi-de-mon-soleil-3-1024x763.jpg\" width=\"1024\" height=\"763\" alt=\"https:\/\/soundimageculture.org\/wp-content\/uploads\/2024\/08\/Ote-toi-de-mon-soleil-3.jpg\"><\/li><li class=\"slider-image-wrapper slide\"><img loading=\"lazy\" decoding=\"async\" src=\"https:\/\/soundimageculture.org\/wp-content\/uploads\/2024\/08\/Ote-toi-de-mon-soleil-4-1024x769.jpg\" width=\"1024\" height=\"769\" alt=\"https:\/\/soundimageculture.org\/wp-content\/uploads\/2024\/08\/Ote-toi-de-mon-soleil-4.jpg\"><\/li><li class=\"slider-image-wrapper slide\"><img loading=\"lazy\" decoding=\"async\" src=\"https:\/\/soundimageculture.org\/wp-content\/uploads\/2024\/08\/Ote-toi-de-mon-soleil-5-1024x764.jpg\" width=\"1024\" height=\"764\" alt=\"https:\/\/soundimageculture.org\/wp-content\/uploads\/2024\/08\/Ote-toi-de-mon-soleil-5.jpg\"><\/li><\/ul><\/div><\/section>\n\n<section id=\"sic-regular-text-block_3945060931b4e816c9143825c4c0d44c\" class=\"sic-regular-text single-column\"><h2 class=\"section-title page-title\">Informations pratiques<\/h2><div class=\"content-wrapper\"><p>Date: mercredi 20 novembre 2024<br \/>\nHeure: 19:00<br \/>\nLieu: Centre Culturel Bruegel (rue des Renards 1F, 1000 Bruxelles)<br \/>\nDur\u00e9e:\u00a0 50 minutes + Q&amp;A avec Messaline Raverdy<br \/>\nEntr\u00e9e gratuite, sans r\u00e9servation<\/p>\n<\/div><\/section>","protected":false},"excerpt":{"rendered":"<p>De Messaline RaverdyProjection mercredi 20 novembre 2024 \u00e0 19:00Centre Culturel Bruegel<\/p>\n","protected":false},"author":2,"featured_media":6353,"comment_status":"closed","ping_status":"closed","sticky":false,"template":"","format":"standard","meta":{"_acf_changed":false,"footnotes":""},"categories":[26],"tags":[],"class_list":["post-7057","post","type-post","status-publish","format-standard","has-post-thumbnail","hentry","category-screenings-fr"],"acf":[],"yoast_head":"<!-- This site is optimized with the Yoast SEO plugin v24.0 - https:\/\/yoast.com\/wordpress\/plugins\/seo\/ -->\n<title>\u00d4te-toi de mon soleil &#8211; Sound Image Culture<\/title>\n<meta name=\"robots\" content=\"index, follow, max-snippet:-1, max-image-preview:large, max-video-preview:-1\" \/>\n<link rel=\"canonical\" href=\"https:\/\/soundimageculture.org\/fr\/ote-toi-de-mon-soleil-november-screening\/\" \/>\n<meta property=\"og:locale\" content=\"fr_FR\" \/>\n<meta property=\"og:type\" content=\"article\" \/>\n<meta property=\"og:title\" content=\"\u00d4te-toi de mon soleil &#8211; Sound Image Culture\" \/>\n<meta property=\"og:description\" content=\"De Messaline RaverdyProjection mercredi 20 novembre 2024 \u00e0 19:00Centre Culturel Bruegel\" \/>\n<meta property=\"og:url\" content=\"https:\/\/soundimageculture.org\/fr\/ote-toi-de-mon-soleil-november-screening\/\" \/>\n<meta property=\"og:site_name\" content=\"Sound Image Culture\" \/>\n<meta property=\"article:published_time\" content=\"2024-08-24T16:54:34+00:00\" \/>\n<meta property=\"article:modified_time\" content=\"2024-11-07T13:21:00+00:00\" \/>\n<meta property=\"og:image\" content=\"https:\/\/soundimageculture.org\/wp-content\/uploads\/2024\/08\/Ote-toi-de-mon-soleil-1.jpg\" \/>\n\t<meta property=\"og:image:width\" content=\"1910\" \/>\n\t<meta property=\"og:image:height\" content=\"1428\" \/>\n\t<meta property=\"og:image:type\" content=\"image\/jpeg\" \/>\n<meta name=\"author\" content=\"soundimageculture@gmail.com\" \/>\n<meta name=\"twitter:card\" content=\"summary_large_image\" \/>\n<meta name=\"twitter:label1\" content=\"\u00c9crit par\" \/>\n\t<meta name=\"twitter:data1\" content=\"soundimageculture@gmail.com\" \/>\n\t<meta name=\"twitter:label2\" content=\"Dur\u00e9e de lecture estim\u00e9e\" \/>\n\t<meta name=\"twitter:data2\" content=\"1 minute\" \/>\n<script type=\"application\/ld+json\" class=\"yoast-schema-graph\">{\"@context\":\"https:\/\/schema.org\",\"@graph\":[{\"@type\":\"Article\",\"@id\":\"https:\/\/soundimageculture.org\/fr\/ote-toi-de-mon-soleil-november-screening\/#article\",\"isPartOf\":{\"@id\":\"https:\/\/soundimageculture.org\/fr\/ote-toi-de-mon-soleil-november-screening\/\"},\"author\":{\"name\":\"soundimageculture@gmail.com\",\"@id\":\"https:\/\/soundimageculture.org\/fr\/#\/schema\/person\/74132148705898b79e0323e92b5bd092\"},\"headline\":\"\u00d4te-toi de mon soleil\",\"datePublished\":\"2024-08-24T16:54:34+00:00\",\"dateModified\":\"2024-11-07T13:21:00+00:00\",\"mainEntityOfPage\":{\"@id\":\"https:\/\/soundimageculture.org\/fr\/ote-toi-de-mon-soleil-november-screening\/\"},\"wordCount\":12,\"publisher\":{\"@id\":\"https:\/\/soundimageculture.org\/fr\/#organization\"},\"image\":{\"@id\":\"https:\/\/soundimageculture.org\/fr\/ote-toi-de-mon-soleil-november-screening\/#primaryimage\"},\"thumbnailUrl\":\"https:\/\/soundimageculture.org\/wp-content\/uploads\/2024\/08\/Ote-toi-de-mon-soleil-1.jpg\",\"articleSection\":[\"Projection\"],\"inLanguage\":\"fr-FR\"},{\"@type\":\"WebPage\",\"@id\":\"https:\/\/soundimageculture.org\/fr\/ote-toi-de-mon-soleil-november-screening\/\",\"url\":\"https:\/\/soundimageculture.org\/fr\/ote-toi-de-mon-soleil-november-screening\/\",\"name\":\"\u00d4te-toi de mon soleil &#8211; Sound Image Culture\",\"isPartOf\":{\"@id\":\"https:\/\/soundimageculture.org\/fr\/#website\"},\"primaryImageOfPage\":{\"@id\":\"https:\/\/soundimageculture.org\/fr\/ote-toi-de-mon-soleil-november-screening\/#primaryimage\"},\"image\":{\"@id\":\"https:\/\/soundimageculture.org\/fr\/ote-toi-de-mon-soleil-november-screening\/#primaryimage\"},\"thumbnailUrl\":\"https:\/\/soundimageculture.org\/wp-content\/uploads\/2024\/08\/Ote-toi-de-mon-soleil-1.jpg\",\"datePublished\":\"2024-08-24T16:54:34+00:00\",\"dateModified\":\"2024-11-07T13:21:00+00:00\",\"breadcrumb\":{\"@id\":\"https:\/\/soundimageculture.org\/fr\/ote-toi-de-mon-soleil-november-screening\/#breadcrumb\"},\"inLanguage\":\"fr-FR\",\"potentialAction\":[{\"@type\":\"ReadAction\",\"target\":[\"https:\/\/soundimageculture.org\/fr\/ote-toi-de-mon-soleil-november-screening\/\"]}]},{\"@type\":\"ImageObject\",\"inLanguage\":\"fr-FR\",\"@id\":\"https:\/\/soundimageculture.org\/fr\/ote-toi-de-mon-soleil-november-screening\/#primaryimage\",\"url\":\"https:\/\/soundimageculture.org\/wp-content\/uploads\/2024\/08\/Ote-toi-de-mon-soleil-1.jpg\",\"contentUrl\":\"https:\/\/soundimageculture.org\/wp-content\/uploads\/2024\/08\/Ote-toi-de-mon-soleil-1.jpg\",\"width\":1910,\"height\":1428},{\"@type\":\"BreadcrumbList\",\"@id\":\"https:\/\/soundimageculture.org\/fr\/ote-toi-de-mon-soleil-november-screening\/#breadcrumb\",\"itemListElement\":[{\"@type\":\"ListItem\",\"position\":1,\"name\":\"Home\",\"item\":\"https:\/\/soundimageculture.org\/fr\/\"},{\"@type\":\"ListItem\",\"position\":2,\"name\":\"\u00d4te-toi de mon soleil\"}]},{\"@type\":\"WebSite\",\"@id\":\"https:\/\/soundimageculture.org\/fr\/#website\",\"url\":\"https:\/\/soundimageculture.org\/fr\/\",\"name\":\"Sound Image Culture\",\"description\":\"Penser \/ Filmer\",\"publisher\":{\"@id\":\"https:\/\/soundimageculture.org\/fr\/#organization\"},\"potentialAction\":[{\"@type\":\"SearchAction\",\"target\":{\"@type\":\"EntryPoint\",\"urlTemplate\":\"https:\/\/soundimageculture.org\/fr\/?s={search_term_string}\"},\"query-input\":{\"@type\":\"PropertyValueSpecification\",\"valueRequired\":true,\"valueName\":\"search_term_string\"}}],\"inLanguage\":\"fr-FR\"},{\"@type\":\"Organization\",\"@id\":\"https:\/\/soundimageculture.org\/fr\/#organization\",\"name\":\"Sound Image Culture\",\"url\":\"https:\/\/soundimageculture.org\/fr\/\",\"logo\":{\"@type\":\"ImageObject\",\"inLanguage\":\"fr-FR\",\"@id\":\"https:\/\/soundimageculture.org\/fr\/#\/schema\/logo\/image\/\",\"url\":\"https:\/\/soundimageculture.org\/wp-content\/uploads\/2023\/05\/sic_logo_white_circle_vec.svg\",\"contentUrl\":\"https:\/\/soundimageculture.org\/wp-content\/uploads\/2023\/05\/sic_logo_white_circle_vec.svg\",\"width\":1,\"height\":1,\"caption\":\"Sound Image Culture\"},\"image\":{\"@id\":\"https:\/\/soundimageculture.org\/fr\/#\/schema\/logo\/image\/\"}},{\"@type\":\"Person\",\"@id\":\"https:\/\/soundimageculture.org\/fr\/#\/schema\/person\/74132148705898b79e0323e92b5bd092\",\"name\":\"soundimageculture@gmail.com\",\"image\":{\"@type\":\"ImageObject\",\"inLanguage\":\"fr-FR\",\"@id\":\"https:\/\/soundimageculture.org\/fr\/#\/schema\/person\/image\/\",\"url\":\"https:\/\/secure.gravatar.com\/avatar\/d1c051c1c2eca53bd9e49ab5ca7d4684f2ce0abdb895295bf4e64f167366666e?s=96&d=mm&r=g\",\"contentUrl\":\"https:\/\/secure.gravatar.com\/avatar\/d1c051c1c2eca53bd9e49ab5ca7d4684f2ce0abdb895295bf4e64f167366666e?s=96&d=mm&r=g\",\"caption\":\"soundimageculture@gmail.com\"},\"url\":\"https:\/\/soundimageculture.org\/fr\/author\/soundimageculturegmail-com\/\"}]}<\/script>\n<!-- \/ Yoast SEO plugin. -->","yoast_head_json":{"title":"\u00d4te-toi de mon soleil &#8211; Sound Image Culture","robots":{"index":"index","follow":"follow","max-snippet":"max-snippet:-1","max-image-preview":"max-image-preview:large","max-video-preview":"max-video-preview:-1"},"canonical":"https:\/\/soundimageculture.org\/fr\/ote-toi-de-mon-soleil-november-screening\/","og_locale":"fr_FR","og_type":"article","og_title":"\u00d4te-toi de mon soleil &#8211; Sound Image Culture","og_description":"De Messaline RaverdyProjection mercredi 20 novembre 2024 \u00e0 19:00Centre Culturel Bruegel","og_url":"https:\/\/soundimageculture.org\/fr\/ote-toi-de-mon-soleil-november-screening\/","og_site_name":"Sound Image Culture","article_published_time":"2024-08-24T16:54:34+00:00","article_modified_time":"2024-11-07T13:21:00+00:00","og_image":[{"width":1910,"height":1428,"url":"https:\/\/soundimageculture.org\/wp-content\/uploads\/2024\/08\/Ote-toi-de-mon-soleil-1.jpg","type":"image\/jpeg"}],"author":"soundimageculture@gmail.com","twitter_card":"summary_large_image","twitter_misc":{"\u00c9crit par":"soundimageculture@gmail.com","Dur\u00e9e de lecture estim\u00e9e":"1 minute"},"schema":{"@context":"https:\/\/schema.org","@graph":[{"@type":"Article","@id":"https:\/\/soundimageculture.org\/fr\/ote-toi-de-mon-soleil-november-screening\/#article","isPartOf":{"@id":"https:\/\/soundimageculture.org\/fr\/ote-toi-de-mon-soleil-november-screening\/"},"author":{"name":"soundimageculture@gmail.com","@id":"https:\/\/soundimageculture.org\/fr\/#\/schema\/person\/74132148705898b79e0323e92b5bd092"},"headline":"\u00d4te-toi de mon soleil","datePublished":"2024-08-24T16:54:34+00:00","dateModified":"2024-11-07T13:21:00+00:00","mainEntityOfPage":{"@id":"https:\/\/soundimageculture.org\/fr\/ote-toi-de-mon-soleil-november-screening\/"},"wordCount":12,"publisher":{"@id":"https:\/\/soundimageculture.org\/fr\/#organization"},"image":{"@id":"https:\/\/soundimageculture.org\/fr\/ote-toi-de-mon-soleil-november-screening\/#primaryimage"},"thumbnailUrl":"https:\/\/soundimageculture.org\/wp-content\/uploads\/2024\/08\/Ote-toi-de-mon-soleil-1.jpg","articleSection":["Projection"],"inLanguage":"fr-FR"},{"@type":"WebPage","@id":"https:\/\/soundimageculture.org\/fr\/ote-toi-de-mon-soleil-november-screening\/","url":"https:\/\/soundimageculture.org\/fr\/ote-toi-de-mon-soleil-november-screening\/","name":"\u00d4te-toi de mon soleil &#8211; Sound Image Culture","isPartOf":{"@id":"https:\/\/soundimageculture.org\/fr\/#website"},"primaryImageOfPage":{"@id":"https:\/\/soundimageculture.org\/fr\/ote-toi-de-mon-soleil-november-screening\/#primaryimage"},"image":{"@id":"https:\/\/soundimageculture.org\/fr\/ote-toi-de-mon-soleil-november-screening\/#primaryimage"},"thumbnailUrl":"https:\/\/soundimageculture.org\/wp-content\/uploads\/2024\/08\/Ote-toi-de-mon-soleil-1.jpg","datePublished":"2024-08-24T16:54:34+00:00","dateModified":"2024-11-07T13:21:00+00:00","breadcrumb":{"@id":"https:\/\/soundimageculture.org\/fr\/ote-toi-de-mon-soleil-november-screening\/#breadcrumb"},"inLanguage":"fr-FR","potentialAction":[{"@type":"ReadAction","target":["https:\/\/soundimageculture.org\/fr\/ote-toi-de-mon-soleil-november-screening\/"]}]},{"@type":"ImageObject","inLanguage":"fr-FR","@id":"https:\/\/soundimageculture.org\/fr\/ote-toi-de-mon-soleil-november-screening\/#primaryimage","url":"https:\/\/soundimageculture.org\/wp-content\/uploads\/2024\/08\/Ote-toi-de-mon-soleil-1.jpg","contentUrl":"https:\/\/soundimageculture.org\/wp-content\/uploads\/2024\/08\/Ote-toi-de-mon-soleil-1.jpg","width":1910,"height":1428},{"@type":"BreadcrumbList","@id":"https:\/\/soundimageculture.org\/fr\/ote-toi-de-mon-soleil-november-screening\/#breadcrumb","itemListElement":[{"@type":"ListItem","position":1,"name":"Home","item":"https:\/\/soundimageculture.org\/fr\/"},{"@type":"ListItem","position":2,"name":"\u00d4te-toi de mon soleil"}]},{"@type":"WebSite","@id":"https:\/\/soundimageculture.org\/fr\/#website","url":"https:\/\/soundimageculture.org\/fr\/","name":"Sound Image Culture","description":"Penser \/ Filmer","publisher":{"@id":"https:\/\/soundimageculture.org\/fr\/#organization"},"potentialAction":[{"@type":"SearchAction","target":{"@type":"EntryPoint","urlTemplate":"https:\/\/soundimageculture.org\/fr\/?s={search_term_string}"},"query-input":{"@type":"PropertyValueSpecification","valueRequired":true,"valueName":"search_term_string"}}],"inLanguage":"fr-FR"},{"@type":"Organization","@id":"https:\/\/soundimageculture.org\/fr\/#organization","name":"Sound Image Culture","url":"https:\/\/soundimageculture.org\/fr\/","logo":{"@type":"ImageObject","inLanguage":"fr-FR","@id":"https:\/\/soundimageculture.org\/fr\/#\/schema\/logo\/image\/","url":"https:\/\/soundimageculture.org\/wp-content\/uploads\/2023\/05\/sic_logo_white_circle_vec.svg","contentUrl":"https:\/\/soundimageculture.org\/wp-content\/uploads\/2023\/05\/sic_logo_white_circle_vec.svg","width":1,"height":1,"caption":"Sound Image Culture"},"image":{"@id":"https:\/\/soundimageculture.org\/fr\/#\/schema\/logo\/image\/"}},{"@type":"Person","@id":"https:\/\/soundimageculture.org\/fr\/#\/schema\/person\/74132148705898b79e0323e92b5bd092","name":"soundimageculture@gmail.com","image":{"@type":"ImageObject","inLanguage":"fr-FR","@id":"https:\/\/soundimageculture.org\/fr\/#\/schema\/person\/image\/","url":"https:\/\/secure.gravatar.com\/avatar\/d1c051c1c2eca53bd9e49ab5ca7d4684f2ce0abdb895295bf4e64f167366666e?s=96&d=mm&r=g","contentUrl":"https:\/\/secure.gravatar.com\/avatar\/d1c051c1c2eca53bd9e49ab5ca7d4684f2ce0abdb895295bf4e64f167366666e?s=96&d=mm&r=g","caption":"soundimageculture@gmail.com"},"url":"https:\/\/soundimageculture.org\/fr\/author\/soundimageculturegmail-com\/"}]}},"_links":{"self":[{"href":"https:\/\/soundimageculture.org\/fr\/wp-json\/wp\/v2\/posts\/7057","targetHints":{"allow":["GET"]}}],"collection":[{"href":"https:\/\/soundimageculture.org\/fr\/wp-json\/wp\/v2\/posts"}],"about":[{"href":"https:\/\/soundimageculture.org\/fr\/wp-json\/wp\/v2\/types\/post"}],"author":[{"embeddable":true,"href":"https:\/\/soundimageculture.org\/fr\/wp-json\/wp\/v2\/users\/2"}],"replies":[{"embeddable":true,"href":"https:\/\/soundimageculture.org\/fr\/wp-json\/wp\/v2\/comments?post=7057"}],"version-history":[{"count":6,"href":"https:\/\/soundimageculture.org\/fr\/wp-json\/wp\/v2\/posts\/7057\/revisions"}],"predecessor-version":[{"id":7066,"href":"https:\/\/soundimageculture.org\/fr\/wp-json\/wp\/v2\/posts\/7057\/revisions\/7066"}],"wp:featuredmedia":[{"embeddable":true,"href":"https:\/\/soundimageculture.org\/fr\/wp-json\/wp\/v2\/media\/6353"}],"wp:attachment":[{"href":"https:\/\/soundimageculture.org\/fr\/wp-json\/wp\/v2\/media?parent=7057"}],"wp:term":[{"taxonomy":"category","embeddable":true,"href":"https:\/\/soundimageculture.org\/fr\/wp-json\/wp\/v2\/categories?post=7057"},{"taxonomy":"post_tag","embeddable":true,"href":"https:\/\/soundimageculture.org\/fr\/wp-json\/wp\/v2\/tags?post=7057"}],"curies":[{"name":"wp","href":"https:\/\/api.w.org\/{rel}","templated":true}]}}